{"id":5572,"date":"2024-08-06T18:39:11","date_gmt":"2024-08-06T18:39:11","guid":{"rendered":"https:\/\/redaccionenfermera.com\/blog\/?p=5572"},"modified":"2024-08-06T18:39:12","modified_gmt":"2024-08-06T18:39:12","slug":"vacuna-contra-el-virus-del-papiloma-humano","status":"publish","type":"post","link":"https:\/\/redaccionenfermera.com\/blog\/vacuna-contra-el-virus-del-papiloma-humano\/","title":{"rendered":"Vacuna contra el Virus del Papiloma Humano"},"content":{"rendered":"\n<div class=\"wp-block-superb-addons-cover-image\"><div class=\"superbaddons-coverimage-block\" style=\"border-radius:0%;min-height:400px;background-image:url(https:\/\/redaccionenfermera.com\/blog\/wp-content\/uploads\/2024\/08\/Gardasil.jpg);background-position:50% 50%;background-size:cover;background-repeat:no-repeat\"><\/div><\/div>\n\n\n\n<p class=\"wp-block-paragraph\">Vacuna contra el Virus del Papiloma Humano (Cepas 6.11.16.18.31.33.45.52.58)<\/p>\n\n\n\n<h2 class=\"wp-block-heading\">Informaci\u00f3n del producto<\/h2>\n\n\n\n<p class=\"wp-block-paragraph\">Gardasil 9 es una vacuna que est\u00e1 indicada para ni\u00f1os\/as y adolescentes a partir de los 9 a\u00f1os de edad y adultos. Se administra para proteger frente a enfermedades causadas por los tipos 6, 11, 16, 18, 31, 33, 45, 52 y 58 del Virus del Papiloma Humano (VPH).<\/p>\n\n\n\n<p class=\"wp-block-paragraph\"><strong>Esquema<\/strong><\/p>\n\n\n\n<p class=\"wp-block-paragraph\"><strong>HOMBRES<\/strong>: A partir de los 9 a\u00f1os hasta los 26 a\u00f1os.<br><strong>MUJERES<\/strong>: A partir de los 9 a\u00f1os hasta los 45 a\u00f1os<br>3 dosis a los 0, 2 y 6 meses.<\/p>\n\n\n\n<p class=\"wp-block-paragraph\">\u2014<\/p>\n\n\n\n<p class=\"wp-block-paragraph\">NOMBRE REGISTRO SANITARIO: Gardasil\u00ae 9<\/p>\n\n\n\n<p class=\"wp-block-paragraph\">NOMBRE PRODUCTO: Gardasil\u00ae 9 NOMBRE GEN\u00c9RICO: Vacuna Recombinante Nona Valente Contra El Virus Del Papiloma Humano<\/p>\n\n\n\n<p class=\"wp-block-paragraph\">FORMA FARMAC\u00c9UTICA: Suspensi\u00f3n Para Inyecci\u00f3n Intramuscular<\/p>\n\n\n\n<p class=\"wp-block-paragraph\">V\u00cdA DE ADMINISTRACI\u00d3N: Intramuscular INGREDIENTE(S) ACTIVO(S):<\/p>\n\n\n\n<ul class=\"wp-block-list\">\n<li>30 mcg de Prote\u00edna L1 VPH 6<\/li>\n\n\n\n<li>40 mcg de Prote\u00edna L1 VPH 11<\/li>\n\n\n\n<li>60 mcg de Prote\u00edna L1 VPH<\/li>\n<\/ul>\n\n\n\n<p class=\"wp-block-paragraph\">CONCENTRACI\u00d3N: 30 mcg de Prote\u00edna L1 VPH 6, 40 mcg de Prote\u00edna L1 VPH 11, 60 mcg de Prote\u00edna L1 VIDA \u00daTIL: 36 meses<\/p>\n\n\n\n<p class=\"wp-block-paragraph\">REGISTRO SANITARIO No.: Invima 2017M-0017725 VIGENCIA REGISTRO: 22-jun-22 TIPO DE REGISTRO: Importar y Vender<\/p>\n\n\n\n<p class=\"wp-block-paragraph\">TITULAR REGISTRO: Merck Sharp &amp; Dohme Corp. con domicilio en Estados Unidos de Am\u00e9rica<\/p>\n\n\n\n<p class=\"wp-block-paragraph\">FABRICANTE: Merck Sharp &amp; Dohme Corp., West Point, Pennsylvania, Estados Unidos<\/p>\n\n\n\n<p class=\"wp-block-paragraph\">ASPECTO DEL PRODUCTO: L\u00edquido Blanco Lechoso<\/p>\n","protected":false},"excerpt":{"rendered":"<p>Vacuna contra el Virus del Papiloma Humano (Cepas 6.11.16.18.31.33.45.52.58) Informaci\u00f3n del producto Gardasil 9 es una vacuna que est\u00e1 indicada para ni\u00f1os\/as y adolescentes a partir de los 9 a\u00f1os de edad y adultos. Se administra para proteger frente a enfermedades causadas por los tipos 6, 11, 16, 18, 31, 33, 45, 52 y 58 [&hellip;]<\/p>\n","protected":false},"author":2,"featured_media":5573,"comment_status":"open","ping_status":"open","sticky":false,"template":"","format":"standard","meta":{"saved_in_kubio":false,"_crdt_document":"","site-container-style":"default","site-container-layout":"default","site-sidebar-layout":"default","disable-article-header":"default","disable-site-header":"default","disable-site-footer":"default","disable-content-area-spacing":"default","footnotes":""},"categories":[17],"tags":[],"class_list":["post-5572","post","type-post","status-publish","format-standard","has-post-thumbnail","hentry","category-inmunizaciones"],"_links":{"self":[{"href":"https:\/\/redaccionenfermera.com\/blog\/wp-json\/wp\/v2\/posts\/5572","targetHints":{"allow":["GET"]}}],"collection":[{"href":"https:\/\/redaccionenfermera.com\/blog\/wp-json\/wp\/v2\/posts"}],"about":[{"href":"https:\/\/redaccionenfermera.com\/blog\/wp-json\/wp\/v2\/types\/post"}],"author":[{"embeddable":true,"href":"https:\/\/redaccionenfermera.com\/blog\/wp-json\/wp\/v2\/users\/2"}],"replies":[{"embeddable":true,"href":"https:\/\/redaccionenfermera.com\/blog\/wp-json\/wp\/v2\/comments?post=5572"}],"version-history":[{"count":1,"href":"https:\/\/redaccionenfermera.com\/blog\/wp-json\/wp\/v2\/posts\/5572\/revisions"}],"predecessor-version":[{"id":5574,"href":"https:\/\/redaccionenfermera.com\/blog\/wp-json\/wp\/v2\/posts\/5572\/revisions\/5574"}],"wp:featuredmedia":[{"embeddable":true,"href":"https:\/\/redaccionenfermera.com\/blog\/wp-json\/wp\/v2\/media\/5573"}],"wp:attachment":[{"href":"https:\/\/redaccionenfermera.com\/blog\/wp-json\/wp\/v2\/media?parent=5572"}],"wp:term":[{"taxonomy":"category","embeddable":true,"href":"https:\/\/redaccionenfermera.com\/blog\/wp-json\/wp\/v2\/categories?post=5572"},{"taxonomy":"post_tag","embeddable":true,"href":"https:\/\/redaccionenfermera.com\/blog\/wp-json\/wp\/v2\/tags?post=5572"}],"curies":[{"name":"wp","href":"https:\/\/api.w.org\/{rel}","templated":true}]}}