{"id":33,"date":"2024-09-26T12:09:11","date_gmt":"2024-09-26T12:09:11","guid":{"rendered":"https:\/\/redaccionenfermera.com\/onco\/?p=33"},"modified":"2024-09-26T12:09:16","modified_gmt":"2024-09-26T12:09:16","slug":"cuidados-paliativos","status":"publish","type":"post","link":"https:\/\/redaccionenfermera.com\/onco\/cuidados-paliativos\/","title":{"rendered":"Cuidados paliativos"},"content":{"rendered":"\n<p>Cuando hablamos del\u00a0tratamiento del c\u00e1ncer\u00a0siempre pensamos en lograr la curaci\u00f3n. Pero no todas las terapias van a conseguir el efecto deseado. Habr\u00e1 casos en los que no se consiga curar, pero s\u00ed se puede paliar el dolor adem\u00e1s de gestionar el impacto psicol\u00f3gico y social. En otros, el pron\u00f3stico no ser\u00e1 bueno y habr\u00e1 que prepararse para el peor desenlace. No hay que olvidar que cada a\u00f1o mueren 110.000 personas diagnosticadas de c\u00e1ncer.\u00a0<strong>Conseguir que sea con el menor sufrimiento posible y la mejor calidad de vida<\/strong>\u00a0es tambi\u00e9n uno de los objetivos de la Asociaci\u00f3n Espa\u00f1ola Contra el C\u00e1ncer.<\/p>\n\n\n\n<p>Los cuidados paliativos resultan fundamentales en la etapa avanzada y final de un proceso oncol\u00f3gico.&nbsp;<strong>Los cuidados paliativos no ayudan a morir sino a vivir hasta el final.<\/strong>&nbsp;Aportan calidad de vida tanto para la persona enferma como a su familia. Sin embargo, siguen siendo una de las grandes asignaturas pendientes porque la realidad se\u00f1ala que muchas personas fallecen sin una atenci\u00f3n paliativa, con dolor, sin el apoyo psicol\u00f3gico y social necesario<\/p>\n","protected":false},"excerpt":{"rendered":"<p>Cuando hablamos del\u00a0tratamiento del c\u00e1ncer\u00a0siempre pensamos en lograr la curaci\u00f3n. Pero no todas las terapias van a conseguir el efecto deseado. Habr\u00e1 casos en los que no se consiga curar, pero s\u00ed se puede paliar el dolor adem\u00e1s de gestionar el impacto psicol\u00f3gico y social. En otros, el pron\u00f3stico no ser\u00e1 bueno y habr\u00e1 que [&hellip;]<\/p>\n","protected":false},"author":2,"featured_media":34,"comment_status":"open","ping_status":"open","sticky":false,"template":"","format":"standard","meta":{"footnotes":""},"categories":[2],"tags":[],"class_list":["post-33","post","type-post","status-publish","format-standard","has-post-thumbnail","hentry","category-enfermeria-oncologica"],"_links":{"self":[{"href":"https:\/\/redaccionenfermera.com\/onco\/wp-json\/wp\/v2\/posts\/33","targetHints":{"allow":["GET"]}}],"collection":[{"href":"https:\/\/redaccionenfermera.com\/onco\/wp-json\/wp\/v2\/posts"}],"about":[{"href":"https:\/\/redaccionenfermera.com\/onco\/wp-json\/wp\/v2\/types\/post"}],"author":[{"embeddable":true,"href":"https:\/\/redaccionenfermera.com\/onco\/wp-json\/wp\/v2\/users\/2"}],"replies":[{"embeddable":true,"href":"https:\/\/redaccionenfermera.com\/onco\/wp-json\/wp\/v2\/comments?post=33"}],"version-history":[{"count":1,"href":"https:\/\/redaccionenfermera.com\/onco\/wp-json\/wp\/v2\/posts\/33\/revisions"}],"predecessor-version":[{"id":35,"href":"https:\/\/redaccionenfermera.com\/onco\/wp-json\/wp\/v2\/posts\/33\/revisions\/35"}],"wp:featuredmedia":[{"embeddable":true,"href":"https:\/\/redaccionenfermera.com\/onco\/wp-json\/wp\/v2\/media\/34"}],"wp:attachment":[{"href":"https:\/\/redaccionenfermera.com\/onco\/wp-json\/wp\/v2\/media?parent=33"}],"wp:term":[{"taxonomy":"category","embeddable":true,"href":"https:\/\/redaccionenfermera.com\/onco\/wp-json\/wp\/v2\/categories?post=33"},{"taxonomy":"post_tag","embeddable":true,"href":"https:\/\/redaccionenfermera.com\/onco\/wp-json\/wp\/v2\/tags?post=33"}],"curies":[{"name":"wp","href":"https:\/\/api.w.org\/{rel}","templated":true}]}}