{"id":53,"date":"2024-09-26T12:53:23","date_gmt":"2024-09-26T12:53:23","guid":{"rendered":"https:\/\/redaccionenfermera.com\/onco\/?p=53"},"modified":"2024-09-26T12:53:27","modified_gmt":"2024-09-26T12:53:27","slug":"en-funcion-de-la-intencionalidad-o-el-momento-en-que-apliquemos-la-radioterapia-podemos-hablar-de-diferentes-esquemas-de-tratamiento","status":"publish","type":"post","link":"https:\/\/redaccionenfermera.com\/onco\/en-funcion-de-la-intencionalidad-o-el-momento-en-que-apliquemos-la-radioterapia-podemos-hablar-de-diferentes-esquemas-de-tratamiento\/","title":{"rendered":"En funci\u00f3n de la intencionalidad o el momento en que apliquemos la radioterapia podemos hablar de diferentes esquemas de tratamiento:"},"content":{"rendered":"\n<h2 class=\"wp-block-heading\">Neoadyuvante<\/h2>\n\n\n\n<p>Es aquella que se administra como primer tratamiento. Su finalidad es reducir el tama\u00f1o del tumor y de este modo facilitar la cirug\u00eda posterior. Puede realizarse en combinaci\u00f3n con quimioterapia con el objetivo de sensibilizar las c\u00e9lulas a la radiaci\u00f3n incrementando as\u00ed la eficacia de esta \u00faltima.<\/p>\n\n\n\n<h2 class=\"wp-block-heading\">Concomitante<\/h2>\n\n\n\n<p>Se aplica conjuntamente con la quimioterapia, sumando fuerzas o produciendo lo que se conoce como sinergismo para aumentar la eficacia de ambos<\/p>\n\n\n\n<h2 class=\"wp-block-heading\">Radical<\/h2>\n\n\n\n<p>Es la que se administra como \u00fanico tratamiento, con el fin de curar la enfermedad y\/o mantener la funci\u00f3n del \u00f3rgano.<\/p>\n\n\n\n<h2 class=\"wp-block-heading\">Profil\u00e1ctica<\/h2>\n\n\n\n<p>Se realiza en aquellos casos que intentamos&nbsp;prevenir&nbsp;un riesgo elevado de met\u00e1stasis. Se aplica por ejemplo a nivel cerebral en el c\u00e1ncer de pulm\u00f3n de c\u00e9lula peque\u00f1a tras un tratamiento radical.<\/p>\n\n\n\n<h2 class=\"wp-block-heading\">Adyuvante<\/h2>\n\n\n\n<p>Es la radioterapia que se aplica con el objetivo de&nbsp;ayudar&nbsp;a evitar el riesgo de reca\u00edda. Suele complementar a la cirug\u00eda.<\/p>\n\n\n\n<h2 class=\"wp-block-heading\">Intraoperatoria<\/h2>\n\n\n\n<p>Se realiza durante el acto quir\u00fargico en forma de sesi\u00f3n \u00fanica. Se utiliza en aquellos c\u00e1nceres localizados que no se pueden extirpar t\u00e9cnicamente de forma completa o bien tienen una alta probabilidad de recurrencia utilizando ya sea radioterapia de haz externo o radioterapia interna.<\/p>\n\n\n\n<h2 class=\"wp-block-heading\">Paliativa<\/h2>\n\n\n\n<p>Es la que se emplea para paliar o controlar un determinado s\u00edntoma. Puede resultar muy \u00fatil para aliviar el dolor, parar una hemorragia o evitar un da\u00f1o neurol\u00f3gico por la propia enfermedad.<\/p>\n","protected":false},"excerpt":{"rendered":"<p>Neoadyuvante Es aquella que se administra como primer tratamiento. Su finalidad es reducir el tama\u00f1o del tumor y de este modo facilitar la cirug\u00eda posterior. Puede realizarse en combinaci\u00f3n con quimioterapia con el objetivo de sensibilizar las c\u00e9lulas a la radiaci\u00f3n incrementando as\u00ed la eficacia de esta \u00faltima. Concomitante Se aplica conjuntamente con la quimioterapia, [&hellip;]<\/p>\n","protected":false},"author":2,"featured_media":54,"comment_status":"open","ping_status":"open","sticky":false,"template":"","format":"standard","meta":{"footnotes":""},"categories":[2,3,8],"tags":[],"class_list":["post-53","post","type-post","status-publish","format-standard","has-post-thumbnail","hentry","category-enfermeria-oncologica","category-enfermeria-radioterapica","category-oncosalud"],"_links":{"self":[{"href":"https:\/\/redaccionenfermera.com\/onco\/wp-json\/wp\/v2\/posts\/53","targetHints":{"allow":["GET"]}}],"collection":[{"href":"https:\/\/redaccionenfermera.com\/onco\/wp-json\/wp\/v2\/posts"}],"about":[{"href":"https:\/\/redaccionenfermera.com\/onco\/wp-json\/wp\/v2\/types\/post"}],"author":[{"embeddable":true,"href":"https:\/\/redaccionenfermera.com\/onco\/wp-json\/wp\/v2\/users\/2"}],"replies":[{"embeddable":true,"href":"https:\/\/redaccionenfermera.com\/onco\/wp-json\/wp\/v2\/comments?post=53"}],"version-history":[{"count":1,"href":"https:\/\/redaccionenfermera.com\/onco\/wp-json\/wp\/v2\/posts\/53\/revisions"}],"predecessor-version":[{"id":55,"href":"https:\/\/redaccionenfermera.com\/onco\/wp-json\/wp\/v2\/posts\/53\/revisions\/55"}],"wp:featuredmedia":[{"embeddable":true,"href":"https:\/\/redaccionenfermera.com\/onco\/wp-json\/wp\/v2\/media\/54"}],"wp:attachment":[{"href":"https:\/\/redaccionenfermera.com\/onco\/wp-json\/wp\/v2\/media?parent=53"}],"wp:term":[{"taxonomy":"category","embeddable":true,"href":"https:\/\/redaccionenfermera.com\/onco\/wp-json\/wp\/v2\/categories?post=53"},{"taxonomy":"post_tag","embeddable":true,"href":"https:\/\/redaccionenfermera.com\/onco\/wp-json\/wp\/v2\/tags?post=53"}],"curies":[{"name":"wp","href":"https:\/\/api.w.org\/{rel}","templated":true}]}}