{"id":65,"date":"2024-09-26T13:07:21","date_gmt":"2024-09-26T13:07:21","guid":{"rendered":"https:\/\/redaccionenfermera.com\/onco\/?p=65"},"modified":"2024-09-26T13:07:24","modified_gmt":"2024-09-26T13:07:24","slug":"consejos-para-pacientes-2","status":"publish","type":"post","link":"https:\/\/redaccionenfermera.com\/onco\/consejos-para-pacientes-2\/","title":{"rendered":"CONSEJOS PARA PACIENTES"},"content":{"rendered":"\n<h1 class=\"wp-block-heading\">Extremidades<\/h1>\n\n\n\n<p>Los m\u00e9dicos y enfermeras del departamento de Radioterapia le dar\u00e1n informaci\u00f3n adicional. Por favor haga las preguntas que necesite.<\/p>\n\n\n\n<h2 class=\"wp-block-heading\"><strong>Instrucciones especiales durante la radioterapia<\/strong><\/h2>\n\n\n\n<ul class=\"wp-block-list\">\n<li>Las reacciones de la piel debidas a la radioterapia suelen aparecer despu\u00e9s de cuatro semanas de tratamiento. Las m\u00e1s comunes son: enrojecimiento, irritaci\u00f3n, descamaci\u00f3n, ulceraci\u00f3n, cambio en el color, engrosamiento, p\u00e9rdida del pelo.<\/li>\n\n\n\n<li>Aunque pueda lavarse con normalidad es importante que no borre las marcas que el t\u00e9cnico le ha pintado en la piel (no se ba\u00f1e ni acuda a la piscina durante el tratamiento).<\/li>\n\n\n\n<li>No use lociones, aceites ni cremas en el \u00e1rea tratada, pues tienden a incrementar la irritaci\u00f3n de la piel.<\/li>\n\n\n\n<li>Use ropa de algod\u00f3n para facilitar la transpiraci\u00f3n de la piel.<\/li>\n\n\n\n<li>Se puede producir una inflamaci\u00f3n de los tejidos blandos y\/o de las articulaciones causando sensibilidad, dolor hinchaz\u00f3n y dificultad para la movilidad. Consulte con su m\u00e9dico o enfermera sobre qu\u00e9 tipo de ejercicios espec\u00edficos debe realizar.<\/li>\n<\/ul>\n\n\n\n<p>Una vez terminado el tratamiento de radioterapia ser\u00eda recomendable seguir las siguientes instrucciones:<\/p>\n\n\n\n<ul class=\"wp-block-list\">\n<li>Proteja las \u00e1reas tratadas de la exposici\u00f3n directa del sol. Use cremas de protecci\u00f3n solar superior a 40.<\/li>\n\n\n\n<li>Contin\u00fae con los mismos ejercicios que realizaba durante el tratamiento.<\/li>\n\n\n\n<li>Consulte con su m\u00e9dico o enfermera sobre cualquier duda o problema que pueda aparecer durante o despu\u00e9s del tratamiento.<\/li>\n<\/ul>\n","protected":false},"excerpt":{"rendered":"<p>Extremidades Los m\u00e9dicos y enfermeras del departamento de Radioterapia le dar\u00e1n informaci\u00f3n adicional. Por favor haga las preguntas que necesite. Instrucciones especiales durante la radioterapia Una vez terminado el tratamiento de radioterapia ser\u00eda recomendable seguir las siguientes instrucciones:<\/p>\n","protected":false},"author":2,"featured_media":34,"comment_status":"open","ping_status":"open","sticky":false,"template":"","format":"standard","meta":{"footnotes":""},"categories":[2,3,9,8],"tags":[],"class_list":["post-65","post","type-post","status-publish","format-standard","has-post-thumbnail","hentry","category-enfermeria-oncologica","category-enfermeria-radioterapica","category-oncopaciente","category-oncosalud"],"_links":{"self":[{"href":"https:\/\/redaccionenfermera.com\/onco\/wp-json\/wp\/v2\/posts\/65","targetHints":{"allow":["GET"]}}],"collection":[{"href":"https:\/\/redaccionenfermera.com\/onco\/wp-json\/wp\/v2\/posts"}],"about":[{"href":"https:\/\/redaccionenfermera.com\/onco\/wp-json\/wp\/v2\/types\/post"}],"author":[{"embeddable":true,"href":"https:\/\/redaccionenfermera.com\/onco\/wp-json\/wp\/v2\/users\/2"}],"replies":[{"embeddable":true,"href":"https:\/\/redaccionenfermera.com\/onco\/wp-json\/wp\/v2\/comments?post=65"}],"version-history":[{"count":1,"href":"https:\/\/redaccionenfermera.com\/onco\/wp-json\/wp\/v2\/posts\/65\/revisions"}],"predecessor-version":[{"id":66,"href":"https:\/\/redaccionenfermera.com\/onco\/wp-json\/wp\/v2\/posts\/65\/revisions\/66"}],"wp:featuredmedia":[{"embeddable":true,"href":"https:\/\/redaccionenfermera.com\/onco\/wp-json\/wp\/v2\/media\/34"}],"wp:attachment":[{"href":"https:\/\/redaccionenfermera.com\/onco\/wp-json\/wp\/v2\/media?parent=65"}],"wp:term":[{"taxonomy":"category","embeddable":true,"href":"https:\/\/redaccionenfermera.com\/onco\/wp-json\/wp\/v2\/categories?post=65"},{"taxonomy":"post_tag","embeddable":true,"href":"https:\/\/redaccionenfermera.com\/onco\/wp-json\/wp\/v2\/tags?post=65"}],"curies":[{"name":"wp","href":"https:\/\/api.w.org\/{rel}","templated":true}]}}