{"id":77,"date":"2024-09-26T13:18:30","date_gmt":"2024-09-26T13:18:30","guid":{"rendered":"https:\/\/redaccionenfermera.com\/onco\/?p=77"},"modified":"2024-09-26T13:18:36","modified_gmt":"2024-09-26T13:18:36","slug":"consejos-para-pacientes-8","status":"publish","type":"post","link":"https:\/\/redaccionenfermera.com\/onco\/consejos-para-pacientes-8\/","title":{"rendered":"CONSEJOS PARA PACIENTES"},"content":{"rendered":"\n<h1 class=\"wp-block-heading\">Sistema nervioso central<\/h1>\n\n\n\n<p>Los m\u00e9dicos y enfermeras del departamento de Radioterapia le dar\u00e1n informaci\u00f3n adicional. Por favor haga las preguntas que necesite.<\/p>\n\n\n\n<h2 class=\"wp-block-heading\"><strong>Instrucciones especiales durante la radioterapia<\/strong><\/h2>\n\n\n\n<ul class=\"wp-block-list\">\n<li>La radioterapia a nivel cerebral puede causar edema (inflamaci\u00f3n de los tejidos) en la zona de tratamiento. Esto puede desencadenar una serie de s\u00edntomas reversibles tales como somnolencia, lentitud de movimientos, irritabilidad, confusi\u00f3n, dolor de cabeza y v\u00f3mitos. Tambi\u00e9n se puede producir inflamaci\u00f3n del canal auditivo con sensaci\u00f3n de o\u00eddo tapado, p\u00e9rdida de la audici\u00f3n y mareos. Consulte con su m\u00e9dico o enfermera si nota cualquiera de \u00e9stos u otros s\u00edntomas, existe medicaci\u00f3n adecuada para aliviarlos.<\/li>\n\n\n\n<li>Es posible que tenga alteraci\u00f3n de los sentidos del gusto y del olfato. Esto puede producir inapetencia por los alimentos. Procure comer cinco veces al d\u00eda peque\u00f1as cantidades, y alimentos que le sean apetecibles.<\/li>\n\n\n\n<li>Tambi\u00e9n se pueden producir reacciones en la piel y el cuero cabelludo tales como: enrojecimiento, irritaci\u00f3n, descamaci\u00f3n, formaci\u00f3n de ampollas, cambio de color, engrosamiento o alopecia (p\u00e9rdida del pelo) parcial o total. La cantidad de pelo perdido depender\u00e1 de la dosis de radiaci\u00f3n. La ca\u00edda suele comenzar a las 3-4 semanas de tratamiento y el pelo vuelve a crecer a los 2-3 meses de haber terminado el mismo (en casos muy raros la p\u00e9rdida es permanente). Se le aconseja no cepillarse ni peinarse bruscamente<\/li>\n\n\n\n<li>Utilice un champ\u00fa suave para la higiene de la cabeza<\/li>\n<\/ul>\n\n\n\n<p>Despu\u00e9s de haber completado los tratamientos de radioterapia es importante seguir unas instrucciones especiales:<\/p>\n\n\n\n<ul class=\"wp-block-list\">\n<li>Proteja su cuero cabelludo del sol directo, el viento y\/o el fr\u00edo, mediante sombreros, pelucas, pa\u00f1uelos,\u2026<\/li>\n\n\n\n<li>Apl\u00edquese una crema hidratante tres veces al d\u00eda , la radioterapia reseca mucho la piel.<\/li>\n\n\n\n<li>Cuando el pelo comience a crecer puede hacerlo con diferente textura y color. Contin\u00fae utilizando un champ\u00fa suave durante 4 semanas despu\u00e9s de terminado el tratamiento.<\/li>\n\n\n\n<li>Si ha estado tomando alguna medicaci\u00f3n consulte con su m\u00e9dico antes de suspenderla.<\/li>\n\n\n\n<li><\/li>\n<\/ul>\n","protected":false},"excerpt":{"rendered":"<p>Sistema nervioso central Los m\u00e9dicos y enfermeras del departamento de Radioterapia le dar\u00e1n informaci\u00f3n adicional. Por favor haga las preguntas que necesite. Instrucciones especiales durante la radioterapia Despu\u00e9s de haber completado los tratamientos de radioterapia es importante seguir unas instrucciones especiales:<\/p>\n","protected":false},"author":2,"featured_media":0,"comment_status":"open","ping_status":"open","sticky":false,"template":"","format":"standard","meta":{"footnotes":""},"categories":[2,3,9,8],"tags":[],"class_list":["post-77","post","type-post","status-publish","format-standard","hentry","category-enfermeria-oncologica","category-enfermeria-radioterapica","category-oncopaciente","category-oncosalud"],"_links":{"self":[{"href":"https:\/\/redaccionenfermera.com\/onco\/wp-json\/wp\/v2\/posts\/77","targetHints":{"allow":["GET"]}}],"collection":[{"href":"https:\/\/redaccionenfermera.com\/onco\/wp-json\/wp\/v2\/posts"}],"about":[{"href":"https:\/\/redaccionenfermera.com\/onco\/wp-json\/wp\/v2\/types\/post"}],"author":[{"embeddable":true,"href":"https:\/\/redaccionenfermera.com\/onco\/wp-json\/wp\/v2\/users\/2"}],"replies":[{"embeddable":true,"href":"https:\/\/redaccionenfermera.com\/onco\/wp-json\/wp\/v2\/comments?post=77"}],"version-history":[{"count":1,"href":"https:\/\/redaccionenfermera.com\/onco\/wp-json\/wp\/v2\/posts\/77\/revisions"}],"predecessor-version":[{"id":78,"href":"https:\/\/redaccionenfermera.com\/onco\/wp-json\/wp\/v2\/posts\/77\/revisions\/78"}],"wp:attachment":[{"href":"https:\/\/redaccionenfermera.com\/onco\/wp-json\/wp\/v2\/media?parent=77"}],"wp:term":[{"taxonomy":"category","embeddable":true,"href":"https:\/\/redaccionenfermera.com\/onco\/wp-json\/wp\/v2\/categories?post=77"},{"taxonomy":"post_tag","embeddable":true,"href":"https:\/\/redaccionenfermera.com\/onco\/wp-json\/wp\/v2\/tags?post=77"}],"curies":[{"name":"wp","href":"https:\/\/api.w.org\/{rel}","templated":true}]}}