{"id":1,"date":"2013-11-06T11:55:36","date_gmt":"2013-11-06T11:55:36","guid":{"rendered":"https:\/\/redaccionenfermera.com\/recursos\/?p=1"},"modified":"2024-03-31T10:49:17","modified_gmt":"2024-03-31T10:49:17","slug":"hola-mundo","status":"publish","type":"post","link":"https:\/\/redaccionenfermera.com\/recursos\/hola-mundo\/","title":{"rendered":"Caso 1"},"content":{"rendered":"<div class=\"accordion-heading\"><span class=\"accordion-toggle\" data-parent=\"#caso-1\" data-toggle=\"collapse\" aria-expanded=\"true\">Caso 1<\/span><\/div>\n<div id=\"caso-1\" class=\"accordion-body collapse in\" aria-expanded=\"true\">\n<div class=\"accordion-inner\">\n<div id=\"desplegable\" class=\"panel-body mCustomScrollbar _mCS_1 mCS_no_scrollbar\">\n<div id=\"mCSB_1\" class=\"mCustomScrollBox mCS-light mCSB_vertical mCSB_inside\" tabindex=\"0\">\n<div id=\"mCSB_1_container\" class=\"mCSB_container mCS_y_hidden mCS_no_scrollbar_y\" dir=\"ltr\">\n<div class=\"letrasAcordeon\">\n<p>Paciente de 70 a\u00f1os, g\u00e9nero femenino, acude a urgencias por\u00a0<strong>fiebre\u00a0<\/strong>y\u00a0<strong>odinofagia\u00a0<\/strong>de dos d\u00edas de evoluci\u00f3n. Sin baja saturaci\u00f3n de ox\u00edgeno ni linfopenia.<br \/>Prueba microbiol\u00f3gica positiva para ARN de SARS-CoV-2.<\/p>\n<table border=\"0\" cellspacing=\"0\" cellpadding=\"0\">\n<tbody>\n<tr>\n<td><strong>D\u00eda de admisi\u00f3n\u00a0\u00a0\u00a0\u00a0<\/strong>\u2192<\/td>\n<\/tr>\n<\/tbody>\n<\/table>\n<\/div>\n<div class=\"letrasAcordeon\">\n<p>\u00a0<\/p>\n<\/div>\n<\/div>\n<\/div>\n<\/div>\n<\/div>\n<\/div><div class=\"wp-block-media-text is-stacked-on-mobile\"><figure class=\"wp-block-media-text__media\"><img loading=\"lazy\" decoding=\"async\" width=\"248\" height=\"139\" src=\"https:\/\/redaccionenfermera.com\/recursos\/wp-content\/uploads\/2024\/03\/rx1.webp\" alt=\"\" class=\"wp-image-37 size-full\"\/><\/figure><div class=\"wp-block-media-text__content\"><p>Opacidad en vidrio deslustrado en el l\u00f3bulo inferior derecho.<\/p><\/div><\/div><div class=\"wp-block-media-text is-stacked-on-mobile\"><figure class=\"wp-block-media-text__media\"><img loading=\"lazy\" decoding=\"async\" width=\"690\" height=\"730\" src=\"https:\/\/redaccionenfermera.com\/recursos\/wp-content\/uploads\/2024\/03\/3c13c1_06d6e63312f34bf68271564739124965mv2.png\" alt=\"\" class=\"wp-image-38 size-full\" srcset=\"https:\/\/redaccionenfermera.com\/recursos\/wp-content\/uploads\/2024\/03\/3c13c1_06d6e63312f34bf68271564739124965mv2.png 690w, https:\/\/redaccionenfermera.com\/recursos\/wp-content\/uploads\/2024\/03\/3c13c1_06d6e63312f34bf68271564739124965mv2-600x635.png 600w, https:\/\/redaccionenfermera.com\/recursos\/wp-content\/uploads\/2024\/03\/3c13c1_06d6e63312f34bf68271564739124965mv2-284x300.png 284w\" sizes=\"(max-width: 690px) 100vw, 690px\" \/><\/figure><div class=\"wp-block-media-text__content\"><p><strong>3 d\u00edas despu\u00e9s<\/strong><\/p>\n\n<p>Aumento leve de la opacidad en vidrio deslustrado, sin cambios en los otros l\u00f3bulos.<\/p>\n\n<p><\/p><\/div><\/div><p><span style=\"color: rgb(51, 51, 51); font-family: &quot;Helvetica Neue&quot;, Helvetica, Arial, sans-serif; font-size: 14px; white-space-collapse: collapse;\">aunque la infecci\u00f3n por SARS-CoV-2 (COVID-19) se describe por tener un curso r\u00e1pidamente progresivo, a veces puede manifestarse como vidrio deslustrado que permanece relativamente estable. En este caso, la paciente, a pesar de su edad, permaneci\u00f3 cl\u00ednicamente estable y fue dada de alta a la cuarentena domiciliaria.<\/span><\/p><p>CASO 2<\/p><div class=\"wp-block-media-text is-stacked-on-mobile\"><figure class=\"wp-block-media-text__media\"><img loading=\"lazy\" decoding=\"async\" width=\"234\" height=\"257\" src=\"https:\/\/redaccionenfermera.com\/recursos\/wp-content\/uploads\/2024\/03\/rx2.webp\" alt=\"\" class=\"wp-image-39 size-full\"\/><\/figure><div class=\"wp-block-media-text__content\"><p>Paciente de 79 a\u00f1os, g\u00e9nero femenino, present\u00f3\u00a0<strong>dolor tor\u00e1cico, tos y fiebre de tres d\u00edas\u00a0<\/strong>de evoluci\u00f3n. Dos miembros de su familia hab\u00edan sido diagnosticados de COVID-19 recientemente. La paciente desarroll\u00f3 el S\u00edndrome de Dificuldad Respiratoria Aguda en los d\u00edas siguientes y falleci\u00f3 once d\u00edas despu\u00e9s de su ingreso.<\/p><\/div><\/div>","protected":false},"excerpt":{"rendered":"<p>Caso 1 Paciente de 70 a\u00f1os, g\u00e9nero femenino, acude a urgencias por\u00a0fiebre\u00a0y\u00a0odinofagia\u00a0de dos d\u00edas de evoluci\u00f3n. Sin baja saturaci\u00f3n de ox\u00edgeno ni linfopenia.Prueba microbiol\u00f3gica positiva para ARN de SARS-CoV-2. D\u00eda de admisi\u00f3n\u00a0\u00a0\u00a0\u00a0\u2192 \u00a0 Opacidad en vidrio deslustrado en el l\u00f3bulo inferior derecho. 3 d\u00edas despu\u00e9s Aumento leve de la opacidad en vidrio deslustrado, sin cambios [&hellip;]<\/p>\n","protected":false},"author":2,"featured_media":34,"comment_status":"open","ping_status":"open","sticky":false,"template":"","format":"standard","meta":{"saved_in_kubio":false,"_jetpack_memberships_contains_paid_content":false,"footnotes":""},"categories":[3],"tags":[],"class_list":["post-1","post","type-post","status-publish","format-standard","has-post-thumbnail","hentry","category-casos-clinicos"],"jetpack_featured_media_url":"https:\/\/redaccionenfermera.com\/recursos\/wp-content\/uploads\/2024\/03\/h_studentensets7.jpeg","jetpack_sharing_enabled":true,"_links":{"self":[{"href":"https:\/\/redaccionenfermera.com\/recursos\/wp-json\/wp\/v2\/posts\/1","targetHints":{"allow":["GET"]}}],"collection":[{"href":"https:\/\/redaccionenfermera.com\/recursos\/wp-json\/wp\/v2\/posts"}],"about":[{"href":"https:\/\/redaccionenfermera.com\/recursos\/wp-json\/wp\/v2\/types\/post"}],"author":[{"embeddable":true,"href":"https:\/\/redaccionenfermera.com\/recursos\/wp-json\/wp\/v2\/users\/2"}],"replies":[{"embeddable":true,"href":"https:\/\/redaccionenfermera.com\/recursos\/wp-json\/wp\/v2\/comments?post=1"}],"version-history":[{"count":2,"href":"https:\/\/redaccionenfermera.com\/recursos\/wp-json\/wp\/v2\/posts\/1\/revisions"}],"predecessor-version":[{"id":40,"href":"https:\/\/redaccionenfermera.com\/recursos\/wp-json\/wp\/v2\/posts\/1\/revisions\/40"}],"wp:featuredmedia":[{"embeddable":true,"href":"https:\/\/redaccionenfermera.com\/recursos\/wp-json\/wp\/v2\/media\/34"}],"wp:attachment":[{"href":"https:\/\/redaccionenfermera.com\/recursos\/wp-json\/wp\/v2\/media?parent=1"}],"wp:term":[{"taxonomy":"category","embeddable":true,"href":"https:\/\/redaccionenfermera.com\/recursos\/wp-json\/wp\/v2\/categories?post=1"},{"taxonomy":"post_tag","embeddable":true,"href":"https:\/\/redaccionenfermera.com\/recursos\/wp-json\/wp\/v2\/tags?post=1"}],"curies":[{"name":"wp","href":"https:\/\/api.w.org\/{rel}","templated":true}]}}